{"id":4791,"date":"2018-03-22T13:23:46","date_gmt":"2018-03-22T12:23:46","guid":{"rendered":"http:\/\/s332084703.mialojamiento.es\/Blogs2018\/Artisticas\/wordpress\/?p=4791"},"modified":"2018-03-23T11:54:18","modified_gmt":"2018-03-23T10:54:18","slug":"conciertos-pedagogicos-del-auditorio-zaragoza","status":"publish","type":"post","link":"https:\/\/artisticas.blogscolegioromareda.com\/?p=4791","title":{"rendered":"Conciertos Pedag\u00f3gicos en el Auditorio Zaragoza"},"content":{"rendered":"<div id='gallery-1' class='gallery galleryid-4791 gallery-columns-3 gallery-size-thumbnail'><figure class='gallery-item'>\n\t\t\t<div class='gallery-icon landscape'>\n\t\t\t\t<a href='https:\/\/artisticas.blogscolegioromareda.com\/?attachment_id=4810'><img width=\"150\" height=\"150\" src=\"https:\/\/artisticas.blogscolegioromareda.com\/wp-content\/uploads\/DY4XG2fX4AAjI9b-1-150x150.jpg\" class=\"attachment-thumbnail size-thumbnail\" alt=\"\" loading=\"lazy\" \/><\/a>\n\t\t\t<\/div><\/figure><figure class='gallery-item'>\n\t\t\t<div class='gallery-icon landscape'>\n\t\t\t\t<a href='https:\/\/artisticas.blogscolegioromareda.com\/?attachment_id=4811'><img width=\"150\" height=\"150\" src=\"https:\/\/artisticas.blogscolegioromareda.com\/wp-content\/uploads\/WhatsApp-Image-2018-03-23-at-11.37.18-150x150.jpeg\" class=\"attachment-thumbnail size-thumbnail\" alt=\"\" loading=\"lazy\" \/><\/a>\n\t\t\t<\/div><\/figure><figure class='gallery-item'>\n\t\t\t<div class='gallery-icon landscape'>\n\t\t\t\t<a href='https:\/\/artisticas.blogscolegioromareda.com\/?attachment_id=4812'><img width=\"150\" height=\"150\" src=\"https:\/\/artisticas.blogscolegioromareda.com\/wp-content\/uploads\/WhatsApp-Image-2018-03-23-at-11.37.42-150x150.jpeg\" class=\"attachment-thumbnail size-thumbnail\" alt=\"\" loading=\"lazy\" \/><\/a>\n\t\t\t<\/div><\/figure>\n\t\t<\/div>\n\n<p>Nuestro alumnado de 1\u00ba ESO ha disfrutado hoy de los Conciertos Pedag\u00f3gicos del Auditorio Zaragoza , en concreto de El Carnaval de los Animales de Camille Saint-S\u00e4ens.<!--more--><\/p>\n<blockquote><p>El d\u00eda 22 de Marzo del 2018 nuestro curso de primero de ESO ha ido al auditorio, m\u00e1s concretamente a\u00a0la sala Mozart . Ha sido un concierto muy entretenido a la vez que interesante,\u00a0ya que mientras los m\u00fasicos interpretaban la melod\u00eda con sus apreciados instrumentos, unos actores vestidos de diferente manera (dependiendo de cada fragmento de la obra)\u00a0interpretaban la\u00a0obra.\u00a0El concierto\u00a0ha empezado alrededor de las\u00a0 09:25 h., una chica iba narrando\u00a0peque\u00f1os poemas que hac\u00edan referencia al animal\u00a0que iban a interpretar, tanto m\u00fasicos como actores.\u00a0El concierto ha empezado con un fragmento de obra llamada \u00abla danza macabra\u00bb. Despu\u00e9s se ha ido interpretando sucesivamente cada animal: le\u00f3n, gallo, elefante&#8230; En cada fragmento hab\u00eda un instrumento que destacaba frente a los otros. Al final, para despedir la obra, han hecho un fragmento en el cual cada m\u00fasico se ha puesto un sombrero con el animal que representaban. El concierto ha terminado sobre las 10:55 h., entonces los alumnos de primero de ESO han vuelto a sus clases.<\/p>\n<p>Daniel Valero Garc\u00eda<\/p>\n<p>1\u00baESO B<\/p><\/blockquote>\n","protected":false},"excerpt":{"rendered":"<p>Nuestro alumnado de 1\u00ba ESO ha disfrutado hoy de los Conciertos Pedag\u00f3gicos del Auditorio Zaragoza , en concreto de El Carnaval de los Animales de Camille Saint-S\u00e4ens.<\/p>\n","protected":false},"author":3,"featured_media":0,"comment_status":"closed","ping_status":"open","sticky":false,"template":"","format":"standard","meta":[],"categories":[11,28,46,54,37,35],"tags":[],"_links":{"self":[{"href":"https:\/\/artisticas.blogscolegioromareda.com\/index.php?rest_route=\/wp\/v2\/posts\/4791"}],"collection":[{"href":"https:\/\/artisticas.blogscolegioromareda.com\/index.php?rest_route=\/wp\/v2\/posts"}],"about":[{"href":"https:\/\/artisticas.blogscolegioromareda.com\/index.php?rest_route=\/wp\/v2\/types\/post"}],"author":[{"embeddable":true,"href":"https:\/\/artisticas.blogscolegioromareda.com\/index.php?rest_route=\/wp\/v2\/users\/3"}],"replies":[{"embeddable":true,"href":"https:\/\/artisticas.blogscolegioromareda.com\/index.php?rest_route=%2Fwp%2Fv2%2Fcomments&post=4791"}],"version-history":[{"count":5,"href":"https:\/\/artisticas.blogscolegioromareda.com\/index.php?rest_route=\/wp\/v2\/posts\/4791\/revisions"}],"predecessor-version":[{"id":4813,"href":"https:\/\/artisticas.blogscolegioromareda.com\/index.php?rest_route=\/wp\/v2\/posts\/4791\/revisions\/4813"}],"wp:attachment":[{"href":"https:\/\/artisticas.blogscolegioromareda.com\/index.php?rest_route=%2Fwp%2Fv2%2Fmedia&parent=4791"}],"wp:term":[{"taxonomy":"category","embeddable":true,"href":"https:\/\/artisticas.blogscolegioromareda.com\/index.php?rest_route=%2Fwp%2Fv2%2Fcategories&post=4791"},{"taxonomy":"post_tag","embeddable":true,"href":"https:\/\/artisticas.blogscolegioromareda.com\/index.php?rest_route=%2Fwp%2Fv2%2Ftags&post=4791"}],"curies":[{"name":"wp","href":"https:\/\/api.w.org\/{rel}","templated":true}]}}