{"id":766,"date":"2012-12-04T11:33:32","date_gmt":"2012-12-04T10:33:32","guid":{"rendered":"http:\/\/s332084703.mialojamiento.es\/Blogs2018\/Artisticas\/wordpress\/?p=766"},"modified":"2016-12-27T23:34:31","modified_gmt":"2016-12-27T22:34:31","slug":"proyecto-didactico-%e2%80%9carte-en-la-calle%e2%80%9d-2","status":"publish","type":"post","link":"http:\/\/artisticas.blogscolegioromareda.com\/?p=766","title":{"rendered":"\u201cARTE EN LA CALLE\u201d"},"content":{"rendered":"<p><a href=\"http:\/\/plastica.colegioromareda.com\/?attachment_id=1225\" rel=\"attachment wp-att-1225\"><div id='gallery-1' class='gallery galleryid-766 gallery-columns-3 gallery-size-thumbnail'><figure class='gallery-item'>\n\t\t\t<div class='gallery-icon landscape'>\n\t\t\t\t<a href='http:\/\/artisticas.blogscolegioromareda.com\/?attachment_id=1225'><img width=\"150\" height=\"150\" src=\"http:\/\/artisticas.blogscolegioromareda.com\/wp-content\/uploads\/4Dic-150x150.jpg\" class=\"attachment-thumbnail size-thumbnail\" alt=\"\" loading=\"lazy\" \/><\/a>\n\t\t\t<\/div><\/figure><figure class='gallery-item'>\n\t\t\t<div class='gallery-icon landscape'>\n\t\t\t\t<a href='http:\/\/artisticas.blogscolegioromareda.com\/?attachment_id=1228'><img width=\"150\" height=\"150\" src=\"http:\/\/artisticas.blogscolegioromareda.com\/wp-content\/uploads\/4Dic2-150x150.jpg\" class=\"attachment-thumbnail size-thumbnail\" alt=\"\" loading=\"lazy\" \/><\/a>\n\t\t\t<\/div><\/figure><figure class='gallery-item'>\n\t\t\t<div class='gallery-icon landscape'>\n\t\t\t\t<a href='http:\/\/artisticas.blogscolegioromareda.com\/?attachment_id=1229'><img width=\"150\" height=\"150\" src=\"http:\/\/artisticas.blogscolegioromareda.com\/wp-content\/uploads\/4Dic3-150x150.jpg\" class=\"attachment-thumbnail size-thumbnail\" alt=\"\" loading=\"lazy\" \/><\/a>\n\t\t\t<\/div><\/figure>\n\t\t<\/div>\n<\/p>\n<p><\/a><\/p>\n<p>&nbsp;<\/p>\n<p>&nbsp;<\/p>\n<p>Hoy Raquel Cabeza, antigua alumna de Romareda, ha impartido su charla vinculada al proyecto did\u00e1ctico \u00abArte en la Calle\u00bb. La ponente ha hecho un \u00abviaje a trav\u00e9s del arte\u00bb muy completo a trav\u00e9s de figuras internacionales como <a href=\"http:\/\/www.banksy.co.uk\/\" target=\"_blank\">Bansky <\/a>o <a href=\"http:\/\/www.agostinoiacurci.com\/\" target=\"_blank\">Agostino Lacurci<\/a>, que le ha llevado a comentar las principales intervenciones art\u00edsticas en las calles de nuestra ciudad. Las m\u00e1s destacadas son las producidas por <a href=\"http:\/\/asaltoproduccion.es\/\" target=\"_blank\">Asalto<\/a>, festival que promueve precisamente la intervenci\u00f3n de artistas de talla internacional en nuestra ciudad. Desde aqu\u00ed queremos agradecer a Raquel su amena e interesant\u00edsima exposici\u00f3n.<\/p>\n","protected":false},"excerpt":{"rendered":"<p>&nbsp; &nbsp; Hoy Raquel Cabeza, antigua alumna de Romareda, ha impartido su charla vinculada al proyecto did\u00e1ctico \u00abArte en la Calle\u00bb. La ponente ha hecho un \u00abviaje a trav\u00e9s del arte\u00bb muy completo a trav\u00e9s de figuras internacionales como Bansky o Agostino Lacurci, que le ha llevado a comentar las principales intervenciones art\u00edsticas en las &hellip; <a href=\"http:\/\/artisticas.blogscolegioromareda.com\/?p=766\" class=\"more-link\">Continuar leyendo<span class=\"screen-reader-text\"> \u00ab\u201cARTE EN LA CALLE\u201d\u00bb<\/span><\/a><\/p>\n","protected":false},"author":1,"featured_media":0,"comment_status":"closed","ping_status":"closed","sticky":false,"template":"","format":"standard","meta":[],"categories":[1],"tags":[],"_links":{"self":[{"href":"http:\/\/artisticas.blogscolegioromareda.com\/index.php?rest_route=\/wp\/v2\/posts\/766"}],"collection":[{"href":"http:\/\/artisticas.blogscolegioromareda.com\/index.php?rest_route=\/wp\/v2\/posts"}],"about":[{"href":"http:\/\/artisticas.blogscolegioromareda.com\/index.php?rest_route=\/wp\/v2\/types\/post"}],"author":[{"embeddable":true,"href":"http:\/\/artisticas.blogscolegioromareda.com\/index.php?rest_route=\/wp\/v2\/users\/1"}],"replies":[{"embeddable":true,"href":"http:\/\/artisticas.blogscolegioromareda.com\/index.php?rest_route=%2Fwp%2Fv2%2Fcomments&post=766"}],"version-history":[{"count":14,"href":"http:\/\/artisticas.blogscolegioromareda.com\/index.php?rest_route=\/wp\/v2\/posts\/766\/revisions"}],"predecessor-version":[{"id":4043,"href":"http:\/\/artisticas.blogscolegioromareda.com\/index.php?rest_route=\/wp\/v2\/posts\/766\/revisions\/4043"}],"wp:attachment":[{"href":"http:\/\/artisticas.blogscolegioromareda.com\/index.php?rest_route=%2Fwp%2Fv2%2Fmedia&parent=766"}],"wp:term":[{"taxonomy":"category","embeddable":true,"href":"http:\/\/artisticas.blogscolegioromareda.com\/index.php?rest_route=%2Fwp%2Fv2%2Fcategories&post=766"},{"taxonomy":"post_tag","embeddable":true,"href":"http:\/\/artisticas.blogscolegioromareda.com\/index.php?rest_route=%2Fwp%2Fv2%2Ftags&post=766"}],"curies":[{"name":"wp","href":"https:\/\/api.w.org\/{rel}","templated":true}]}}