{"id":7018,"date":"2023-04-26T14:31:20","date_gmt":"2023-04-26T12:31:20","guid":{"rendered":"http:\/\/artisticas.blogscolegioromareda.com\/?p=7018"},"modified":"2023-04-26T14:34:29","modified_gmt":"2023-04-26T12:34:29","slug":"exposicion-de-grabados-goya-imposible","status":"publish","type":"post","link":"http:\/\/artisticas.blogscolegioromareda.com\/?p=7018","title":{"rendered":"Exposici\u00f3n de grabados: \u00abGoya imposible\u00bb"},"content":{"rendered":"<div id='gallery-1' class='gallery galleryid-7018 gallery-columns-4 gallery-size-thumbnail'><figure class='gallery-item'>\n\t\t\t<div class='gallery-icon landscape'>\n\t\t\t\t<a href='http:\/\/artisticas.blogscolegioromareda.com\/?attachment_id=7021'><img width=\"150\" height=\"150\" src=\"http:\/\/artisticas.blogscolegioromareda.com\/wp-content\/uploads\/IMG_20230420_143753-150x150.jpg\" class=\"attachment-thumbnail size-thumbnail\" alt=\"\" loading=\"lazy\" \/><\/a>\n\t\t\t<\/div><\/figure><figure class='gallery-item'>\n\t\t\t<div class='gallery-icon landscape'>\n\t\t\t\t<a href='http:\/\/artisticas.blogscolegioromareda.com\/?attachment_id=7022'><img width=\"150\" height=\"150\" src=\"http:\/\/artisticas.blogscolegioromareda.com\/wp-content\/uploads\/IMG_20230420_143802-150x150.jpg\" class=\"attachment-thumbnail size-thumbnail\" alt=\"\" loading=\"lazy\" \/><\/a>\n\t\t\t<\/div><\/figure><figure class='gallery-item'>\n\t\t\t<div class='gallery-icon landscape'>\n\t\t\t\t<a href='http:\/\/artisticas.blogscolegioromareda.com\/?attachment_id=7023'><img width=\"150\" height=\"150\" src=\"http:\/\/artisticas.blogscolegioromareda.com\/wp-content\/uploads\/IMG_20230420_143809-150x150.jpg\" class=\"attachment-thumbnail size-thumbnail\" alt=\"\" loading=\"lazy\" \/><\/a>\n\t\t\t<\/div><\/figure><figure class='gallery-item'>\n\t\t\t<div class='gallery-icon landscape'>\n\t\t\t\t<a href='http:\/\/artisticas.blogscolegioromareda.com\/?attachment_id=7024'><img width=\"150\" height=\"150\" src=\"http:\/\/artisticas.blogscolegioromareda.com\/wp-content\/uploads\/IMG_20230420_143813-150x150.jpg\" class=\"attachment-thumbnail size-thumbnail\" alt=\"\" loading=\"lazy\" \/><\/a>\n\t\t\t<\/div><\/figure><figure class='gallery-item'>\n\t\t\t<div class='gallery-icon portrait'>\n\t\t\t\t<a href='http:\/\/artisticas.blogscolegioromareda.com\/?attachment_id=7026'><img width=\"150\" height=\"150\" src=\"http:\/\/artisticas.blogscolegioromareda.com\/wp-content\/uploads\/IMG_20230420_143824-150x150.jpg\" class=\"attachment-thumbnail size-thumbnail\" alt=\"\" loading=\"lazy\" \/><\/a>\n\t\t\t<\/div><\/figure><figure class='gallery-item'>\n\t\t\t<div class='gallery-icon portrait'>\n\t\t\t\t<a href='http:\/\/artisticas.blogscolegioromareda.com\/?attachment_id=7027'><img width=\"150\" height=\"150\" src=\"http:\/\/artisticas.blogscolegioromareda.com\/wp-content\/uploads\/IMG_20230420_143831-150x150.jpg\" class=\"attachment-thumbnail size-thumbnail\" alt=\"\" loading=\"lazy\" \/><\/a>\n\t\t\t<\/div><\/figure><figure class='gallery-item'>\n\t\t\t<div class='gallery-icon portrait'>\n\t\t\t\t<a href='http:\/\/artisticas.blogscolegioromareda.com\/?attachment_id=7028'><img width=\"150\" height=\"150\" src=\"http:\/\/artisticas.blogscolegioromareda.com\/wp-content\/uploads\/IMG_20230420_143839-150x150.jpg\" class=\"attachment-thumbnail size-thumbnail\" alt=\"\" loading=\"lazy\" \/><\/a>\n\t\t\t<\/div><\/figure><figure class='gallery-item'>\n\t\t\t<div class='gallery-icon portrait'>\n\t\t\t\t<a href='http:\/\/artisticas.blogscolegioromareda.com\/?attachment_id=7019'><img width=\"150\" height=\"150\" src=\"http:\/\/artisticas.blogscolegioromareda.com\/wp-content\/uploads\/IMG_20230420_115037-150x150.jpg\" class=\"attachment-thumbnail size-thumbnail\" alt=\"\" loading=\"lazy\" \/><\/a>\n\t\t\t<\/div><\/figure>\n\t\t<\/div>\n\n<p>Os invitamos a visitar una peque\u00f1a muestra de los trabajos que nuestro alumnado de <em>Educaci\u00f3n Pl\u00e1stica, Visual y Audiovisual<\/em> de 2\u00baESO realiz\u00f3 en el Taller de Grabado de Fuendetodos el pasado 13 de abril. Se pueden ver en nuestra habitual sala de exposiciones (antesala del aula de Dibujo).<!--more--><\/p>\n<p>\u00bfLa tem\u00e1tica? : \u00abGoya imposible\u00bb.<span data-contrast=\"auto\"> Se parti\u00f3 de un trabajo en clase, donde planteamos realizar una serie de dibujos que imitasen el aspecto de los\u00a0 grabados del genial artista. Y para agudizar el ingenio, sumamos un reto al alumnado: combinar, de manera creativa, cada uno de estos \u00abgrabados\u00bb (realizados a l\u00e1piz con la t\u00e9cnica del sombreado rayado) con una <strong>figura imposible\u00a0<\/strong>(se trata de formas imaginarias, cuya construcci\u00f3n en las tres dimensiones conocidas no puede darse). Despu\u00e9s, pasamos en <strong>Fuendetodos<\/strong> estas incre\u00edbles creaciones a una plancha de aluminio, para transformarlas en un grabado real. <\/span>La t\u00e9cnica que utilizamos\u00a0 en el taller fue la <strong>\u00abpunta seca\u00bb<\/strong>, con material lavable y no t\u00f3xico.<\/p>\n<p>Ahora podemos apreciar estas aut\u00e9nticas obras de arte: \u00a1enhorabuena, artistas!<\/p>\n","protected":false},"excerpt":{"rendered":"<p>Os invitamos a visitar una peque\u00f1a muestra de los trabajos que nuestro alumnado de Educaci\u00f3n Pl\u00e1stica, Visual y Audiovisual de 2\u00baESO realiz\u00f3 en el Taller de Grabado de Fuendetodos el pasado 13 de abril. Se pueden ver en nuestra habitual sala de exposiciones (antesala del aula de Dibujo).<\/p>\n","protected":false},"author":3,"featured_media":0,"comment_status":"closed","ping_status":"open","sticky":false,"template":"","format":"standard","meta":[],"categories":[24,28,78,55,38,71,75,30,39,31],"tags":[],"_links":{"self":[{"href":"http:\/\/artisticas.blogscolegioromareda.com\/index.php?rest_route=\/wp\/v2\/posts\/7018"}],"collection":[{"href":"http:\/\/artisticas.blogscolegioromareda.com\/index.php?rest_route=\/wp\/v2\/posts"}],"about":[{"href":"http:\/\/artisticas.blogscolegioromareda.com\/index.php?rest_route=\/wp\/v2\/types\/post"}],"author":[{"embeddable":true,"href":"http:\/\/artisticas.blogscolegioromareda.com\/index.php?rest_route=\/wp\/v2\/users\/3"}],"replies":[{"embeddable":true,"href":"http:\/\/artisticas.blogscolegioromareda.com\/index.php?rest_route=%2Fwp%2Fv2%2Fcomments&post=7018"}],"version-history":[{"count":3,"href":"http:\/\/artisticas.blogscolegioromareda.com\/index.php?rest_route=\/wp\/v2\/posts\/7018\/revisions"}],"predecessor-version":[{"id":7031,"href":"http:\/\/artisticas.blogscolegioromareda.com\/index.php?rest_route=\/wp\/v2\/posts\/7018\/revisions\/7031"}],"wp:attachment":[{"href":"http:\/\/artisticas.blogscolegioromareda.com\/index.php?rest_route=%2Fwp%2Fv2%2Fmedia&parent=7018"}],"wp:term":[{"taxonomy":"category","embeddable":true,"href":"http:\/\/artisticas.blogscolegioromareda.com\/index.php?rest_route=%2Fwp%2Fv2%2Fcategories&post=7018"},{"taxonomy":"post_tag","embeddable":true,"href":"http:\/\/artisticas.blogscolegioromareda.com\/index.php?rest_route=%2Fwp%2Fv2%2Ftags&post=7018"}],"curies":[{"name":"wp","href":"https:\/\/api.w.org\/{rel}","templated":true}]}}