{"id":5080,"date":"2018-11-01T09:34:36","date_gmt":"2018-11-01T08:34:36","guid":{"rendered":"http:\/\/s332084703.mialojamiento.es\/Blogs2018\/Artisticas\/wordpress\/?p=5080"},"modified":"2018-11-13T09:48:13","modified_gmt":"2018-11-13T08:48:13","slug":"iv-certamen-fotografico-agustiniano","status":"publish","type":"post","link":"http:\/\/artisticas.blogscolegioromareda.com\/?p=5080","title":{"rendered":"IV Certamen Fotogr\u00e1fico Agustiniano"},"content":{"rendered":"<p><img loading=\"lazy\" class=\"alignnone size-full wp-image-5081\" src=\"http:\/\/s332084703.mialojamiento.es\/Blogs2018\/Artisticas\/wordpress\/wp-content\/uploads\/CartelConcursoFotos18.jpg\" alt=\"\" width=\"494\" height=\"696\" srcset=\"http:\/\/artisticas.blogscolegioromareda.com\/wp-content\/uploads\/CartelConcursoFotos18.jpg 494w, http:\/\/artisticas.blogscolegioromareda.com\/wp-content\/uploads\/CartelConcursoFotos18-213x300.jpg 213w\" sizes=\"(max-width: 494px) 85vw, 494px\" \/><\/p>\n<p>Un a\u00f1o m\u00e1s, en conmemoraci\u00f3n del nacimiento de San Agust\u00edn(13 de noviembre), lanzamos el IV Certamen Fotogr\u00e1fico Agustiniano.<!--more--><\/p>\n<ul>\n<li>Realiza una foto (original) sobre el tema propuesto este a\u00f1o:\u00a0<strong>LA COMUNIDAD<\/strong>\u00a0o referente al lema:\u00a0<strong>\u201cCon una sola alma y un solo coraz\u00f3n dirigidos hacia Dios\u201d.<\/strong><\/li>\n<li>Una vez realizada, puedes subirla a una red social con el hashtag: #1soul1heart<\/li>\n<li>Env\u00eda la foto junto al\u00a0<strong>documento de inscripci\u00f3n<\/strong>\u00a0(<a href=\"http:\/\/zonajar.net\/wp-content\/uploads\/2018\/11\/Inscripci%C3%B3n-concurso-fotograf%C3%ADa-1.docx\" target=\"_blank\" rel=\"noopener\">descarga aqu\u00ed<\/a>) al correo\u00a0<strong>inscripciones@zonajar.net<\/strong><\/li>\n<li>\u00a1LISTO!\u00a0 Entrar\u00e1s en el concurso de estupendos regalos.<\/li>\n<\/ul>\n<p>Plazo abierto hasta el 16 de noviembre.<\/p>\n<p>*\u00a1Manda la misma informaci\u00f3n a pastoral@colegioromareda.com y participa tambi\u00e9n en nuestro certamen interno!<\/p>\n","protected":false},"excerpt":{"rendered":"<p>Un a\u00f1o m\u00e1s, en conmemoraci\u00f3n del nacimiento de San Agust\u00edn(13 de noviembre), lanzamos el IV Certamen Fotogr\u00e1fico Agustiniano.<\/p>\n","protected":false},"author":3,"featured_media":0,"comment_status":"closed","ping_status":"open","sticky":false,"template":"","format":"standard","meta":[],"categories":[11,24,36,26,41,62],"tags":[],"_links":{"self":[{"href":"http:\/\/artisticas.blogscolegioromareda.com\/index.php?rest_route=\/wp\/v2\/posts\/5080"}],"collection":[{"href":"http:\/\/artisticas.blogscolegioromareda.com\/index.php?rest_route=\/wp\/v2\/posts"}],"about":[{"href":"http:\/\/artisticas.blogscolegioromareda.com\/index.php?rest_route=\/wp\/v2\/types\/post"}],"author":[{"embeddable":true,"href":"http:\/\/artisticas.blogscolegioromareda.com\/index.php?rest_route=\/wp\/v2\/users\/3"}],"replies":[{"embeddable":true,"href":"http:\/\/artisticas.blogscolegioromareda.com\/index.php?rest_route=%2Fwp%2Fv2%2Fcomments&post=5080"}],"version-history":[{"count":4,"href":"http:\/\/artisticas.blogscolegioromareda.com\/index.php?rest_route=\/wp\/v2\/posts\/5080\/revisions"}],"predecessor-version":[{"id":5085,"href":"http:\/\/artisticas.blogscolegioromareda.com\/index.php?rest_route=\/wp\/v2\/posts\/5080\/revisions\/5085"}],"wp:attachment":[{"href":"http:\/\/artisticas.blogscolegioromareda.com\/index.php?rest_route=%2Fwp%2Fv2%2Fmedia&parent=5080"}],"wp:term":[{"taxonomy":"category","embeddable":true,"href":"http:\/\/artisticas.blogscolegioromareda.com\/index.php?rest_route=%2Fwp%2Fv2%2Fcategories&post=5080"},{"taxonomy":"post_tag","embeddable":true,"href":"http:\/\/artisticas.blogscolegioromareda.com\/index.php?rest_route=%2Fwp%2Fv2%2Ftags&post=5080"}],"curies":[{"name":"wp","href":"https:\/\/api.w.org\/{rel}","templated":true}]}}