{"id":5038,"date":"2018-10-16T12:11:29","date_gmt":"2018-10-16T10:11:29","guid":{"rendered":"http:\/\/s332084703.mialojamiento.es\/Blogs2018\/Artisticas\/wordpress\/?p=5038"},"modified":"2018-10-19T12:20:14","modified_gmt":"2018-10-19T10:20:14","slug":"ponemos-rostro-a-las-emociones","status":"publish","type":"post","link":"http:\/\/artisticas.blogscolegioromareda.com\/?p=5038","title":{"rendered":"Ponemos rostro a las emociones"},"content":{"rendered":"<p><img loading=\"lazy\" class=\"alignnone size-large wp-image-5039\" src=\"http:\/\/s332084703.mialojamiento.es\/Blogs2018\/Artisticas\/wordpress\/wp-content\/uploads\/photo5931740235874545276-1024x447.jpg\" alt=\"\" width=\"840\" height=\"367\" srcset=\"http:\/\/artisticas.blogscolegioromareda.com\/wp-content\/uploads\/photo5931740235874545276-1024x447.jpg 1024w, http:\/\/artisticas.blogscolegioromareda.com\/wp-content\/uploads\/photo5931740235874545276-300x131.jpg 300w, http:\/\/artisticas.blogscolegioromareda.com\/wp-content\/uploads\/photo5931740235874545276-768x335.jpg 768w, http:\/\/artisticas.blogscolegioromareda.com\/wp-content\/uploads\/photo5931740235874545276-1200x524.jpg 1200w, http:\/\/artisticas.blogscolegioromareda.com\/wp-content\/uploads\/photo5931740235874545276.jpg 1280w\" sizes=\"(max-width: 709px) 85vw, (max-width: 909px) 67vw, (max-width: 1362px) 62vw, 840px\" \/><\/p>\n<p>Fuente: <a href=\"https:\/\/www.elperiodicodearagon.com\/noticias\/elestudiante\/ponemos-rostro-emociones_1316369.html\">El Peri\u00f3dico del Estudiante<\/a>\u00a0(El Peri\u00f3dico de Arag\u00f3n), 16 de octubre de 2018<!--more--><\/p>\n<p>Hoy, <a href=\"https:\/\/www.elperiodicodearagon.com\/noticias\/elestudiante\/ponemos-rostro-emociones_1316369.html\">El Peri\u00f3dico de Arag\u00f3n<\/a> se hace de nuevo eco de uno de nuestros proyectos sobre el <em>Autorretrato<\/em>:<\/p>\n<div class=\"InfoNoticia\" data-indexdom=\"32\">\n<blockquote>\n<p class=\"AutorDeNoticia\"><strong>Colegio Romareda de Zaragoza<\/strong><br \/>\n16\/10\/2018<\/p>\n<p class=\"AutorDeNoticia\"><span style=\"color: #1a1a1a; font-size: 16px;\">\u00abDentro de los proyectos de arte que se desarrollan a lo largo del curso en el Colegio Romareda de Zaragoza, el alumnado de 4\u00baESO de Educaci\u00f3n Pl\u00e1stica, Visual y Audiovisual realiz\u00f3 durante el a\u00f1o pasado diversos autorretratos expresivos.<\/span><\/p>\n<p class=\"AutorDeNoticia\"><span style=\"color: #1a1a1a; font-size: 16px;\">A trav\u00e9s de su propio rostro, los estudiantes ahondaron en diferentes procedimientos del lenguaje pl\u00e1stico para contar sus emociones y experiencias individuales a trav\u00e9s de la imagen. Su profesor tambi\u00e9n se sum\u00f3 a este ejercicio de experimentaci\u00f3n.<\/span><\/p>\n<p class=\"AutorDeNoticia\"><span style=\"color: #1a1a1a; font-size: 16px;\">Para llevar a cabo sus dibujos y lienzos, los alumnos utilizaron la t\u00e9cnica monocrom\u00e1tica, es decir, el blanco y negro. Despu\u00e9s de realizar sus trabajos en el aula, el resultado se pudo ver en los pasillos del centro, que quedaron poblados por las geniales obras de los estudiantes. En todas ellas se pudieron ver multitud de t\u00e9cnicas de dibujo, desde el grafito a la t\u00e9mpera, pasando por el acr\u00edlico y la tinta china combinadas.<\/span><\/p>\n<p class=\"AutorDeNoticia\"><span style=\"color: #1a1a1a; font-size: 16px;\">El resultado ha sido excepcional: rostros grotescos que hablan en clave de humor de nuestra apariencia, pero tambi\u00e9n retratos \u00edntimos y existencialistas. En definitiva, rostros que nos hablan de las emociones, de lo que somos o lo que nos gustar\u00eda ser, de lo que anhelamos o de lo que nos inquieta en nuestro d\u00eda a d\u00eda.<\/span><\/p>\n<p class=\"AutorDeNoticia\"><span style=\"color: #1a1a1a; font-size: 16px;\">Desde el departamento de Educaci\u00f3n Pl\u00e1stica queremos dar las gracias al alumnado por la implicaci\u00f3n, creatividad y hondura de estos trabajos, que durante varias semanas adornaron las paredes de nuestro centro educativo y nos hicieron reflexionar sobre la propia existencia y el mundo de los sentimientos.\u00bb<\/span><\/p>\n<\/blockquote>\n<\/div>\n<p>&nbsp;<\/p>\n","protected":false},"excerpt":{"rendered":"<p>Fuente: El Peri\u00f3dico del Estudiante\u00a0(El Peri\u00f3dico de Arag\u00f3n), 16 de octubre de 2018<\/p>\n","protected":false},"author":3,"featured_media":0,"comment_status":"closed","ping_status":"open","sticky":false,"template":"","format":"standard","meta":[],"categories":[26,54,55,38,21,64,39],"tags":[],"_links":{"self":[{"href":"http:\/\/artisticas.blogscolegioromareda.com\/index.php?rest_route=\/wp\/v2\/posts\/5038"}],"collection":[{"href":"http:\/\/artisticas.blogscolegioromareda.com\/index.php?rest_route=\/wp\/v2\/posts"}],"about":[{"href":"http:\/\/artisticas.blogscolegioromareda.com\/index.php?rest_route=\/wp\/v2\/types\/post"}],"author":[{"embeddable":true,"href":"http:\/\/artisticas.blogscolegioromareda.com\/index.php?rest_route=\/wp\/v2\/users\/3"}],"replies":[{"embeddable":true,"href":"http:\/\/artisticas.blogscolegioromareda.com\/index.php?rest_route=%2Fwp%2Fv2%2Fcomments&post=5038"}],"version-history":[{"count":3,"href":"http:\/\/artisticas.blogscolegioromareda.com\/index.php?rest_route=\/wp\/v2\/posts\/5038\/revisions"}],"predecessor-version":[{"id":5044,"href":"http:\/\/artisticas.blogscolegioromareda.com\/index.php?rest_route=\/wp\/v2\/posts\/5038\/revisions\/5044"}],"wp:attachment":[{"href":"http:\/\/artisticas.blogscolegioromareda.com\/index.php?rest_route=%2Fwp%2Fv2%2Fmedia&parent=5038"}],"wp:term":[{"taxonomy":"category","embeddable":true,"href":"http:\/\/artisticas.blogscolegioromareda.com\/index.php?rest_route=%2Fwp%2Fv2%2Fcategories&post=5038"},{"taxonomy":"post_tag","embeddable":true,"href":"http:\/\/artisticas.blogscolegioromareda.com\/index.php?rest_route=%2Fwp%2Fv2%2Ftags&post=5038"}],"curies":[{"name":"wp","href":"https:\/\/api.w.org\/{rel}","templated":true}]}}