{"id":5002,"date":"2018-10-09T11:35:57","date_gmt":"2018-10-09T09:35:57","guid":{"rendered":"http:\/\/s332084703.mialojamiento.es\/Blogs2018\/Artisticas\/wordpress\/?p=5002"},"modified":"2018-10-19T12:16:43","modified_gmt":"2018-10-19T10:16:43","slug":"una-excursion-a-fuendetodos","status":"publish","type":"post","link":"http:\/\/artisticas.blogscolegioromareda.com\/?p=5002","title":{"rendered":"Una excursi\u00f3n a Fuendetodos"},"content":{"rendered":"<p><img loading=\"lazy\" class=\"alignnone size-large wp-image-5011\" src=\"http:\/\/s332084703.mialojamiento.es\/Blogs2018\/Artisticas\/wordpress\/wp-content\/uploads\/photo5902254671207182407-1024x378.jpg\" alt=\"\" width=\"840\" height=\"310\" srcset=\"http:\/\/artisticas.blogscolegioromareda.com\/wp-content\/uploads\/photo5902254671207182407-1024x378.jpg 1024w, http:\/\/artisticas.blogscolegioromareda.com\/wp-content\/uploads\/photo5902254671207182407-300x111.jpg 300w, http:\/\/artisticas.blogscolegioromareda.com\/wp-content\/uploads\/photo5902254671207182407-768x284.jpg 768w, http:\/\/artisticas.blogscolegioromareda.com\/wp-content\/uploads\/photo5902254671207182407-1200x443.jpg 1200w, http:\/\/artisticas.blogscolegioromareda.com\/wp-content\/uploads\/photo5902254671207182407.jpg 1280w\" sizes=\"(max-width: 709px) 85vw, (max-width: 909px) 67vw, (max-width: 1362px) 62vw, 840px\" \/><\/p>\n<p>Fuente:\u00a0<a href=\"https:\/\/www.elperiodicodearagon.com\/noticias\/elestudiante\/excursion-fuendetodos_1314946.html\" target=\"_blank\" rel=\"noopener\">El Peri\u00f3dico del Estudiante<\/a>\u00a0(El Peri\u00f3dico de Arag\u00f3n), 9 de octubre de 2018<\/p>\n<p><!--more-->Hoy <strong>El Peri\u00f3dico del Estudiante<\/strong> publica una noticia de nuestra excursi\u00f3n anual a Fuendetodos con 2\u00baESO:<\/p>\n<blockquote><p>\u00abEstudiantes de 2\u00ba de ESO del Colegio Romareda de Zaragoza visit\u00f3 el pasado curso la localidad de Fuendetodos, villa natal de Francisco de Goya. All\u00ed realizamos un taller de grabado, por lo que el alumnado trajo un dibujo libre a l\u00e1piz, realizado en un folio, para trasladarlo a la plancha. La t\u00e9cnica que realizaron fue la \u00abpunta seca\u00bb, con material lavable y no t\u00f3xico. Se llevaron a casa sus creaciones. Tambi\u00e9n disfrutamos de una visita guiada a la casa natal de Goya, al Museo de grabados originales de Goya y a la sala de exposiciones temporales, donde admiramos la obra de Eusebio Sempere.\u00bb<\/p><\/blockquote>\n<p><img loading=\"lazy\" class=\"alignnone size-full wp-image-5004\" src=\"http:\/\/s332084703.mialojamiento.es\/Blogs2018\/Artisticas\/wordpress\/wp-content\/uploads\/El-Peri\u00f3dico_9_10_2018.jpg\" alt=\"\" width=\"680\" height=\"510\" srcset=\"http:\/\/artisticas.blogscolegioromareda.com\/wp-content\/uploads\/El-Peri\u00f3dico_9_10_2018.jpg 680w, http:\/\/artisticas.blogscolegioromareda.com\/wp-content\/uploads\/El-Peri\u00f3dico_9_10_2018-300x225.jpg 300w\" sizes=\"(max-width: 709px) 85vw, (max-width: 909px) 67vw, (max-width: 984px) 61vw, (max-width: 1362px) 45vw, 600px\" \/><\/p>\n","protected":false},"excerpt":{"rendered":"<p>Fuente:\u00a0El Peri\u00f3dico del Estudiante\u00a0(El Peri\u00f3dico de Arag\u00f3n), 9 de octubre de 2018<\/p>\n","protected":false},"author":3,"featured_media":0,"comment_status":"closed","ping_status":"open","sticky":false,"template":"","format":"standard","meta":[],"categories":[24,28,54,62,38,21,64,30,31],"tags":[],"_links":{"self":[{"href":"http:\/\/artisticas.blogscolegioromareda.com\/index.php?rest_route=\/wp\/v2\/posts\/5002"}],"collection":[{"href":"http:\/\/artisticas.blogscolegioromareda.com\/index.php?rest_route=\/wp\/v2\/posts"}],"about":[{"href":"http:\/\/artisticas.blogscolegioromareda.com\/index.php?rest_route=\/wp\/v2\/types\/post"}],"author":[{"embeddable":true,"href":"http:\/\/artisticas.blogscolegioromareda.com\/index.php?rest_route=\/wp\/v2\/users\/3"}],"replies":[{"embeddable":true,"href":"http:\/\/artisticas.blogscolegioromareda.com\/index.php?rest_route=%2Fwp%2Fv2%2Fcomments&post=5002"}],"version-history":[{"count":8,"href":"http:\/\/artisticas.blogscolegioromareda.com\/index.php?rest_route=\/wp\/v2\/posts\/5002\/revisions"}],"predecessor-version":[{"id":5042,"href":"http:\/\/artisticas.blogscolegioromareda.com\/index.php?rest_route=\/wp\/v2\/posts\/5002\/revisions\/5042"}],"wp:attachment":[{"href":"http:\/\/artisticas.blogscolegioromareda.com\/index.php?rest_route=%2Fwp%2Fv2%2Fmedia&parent=5002"}],"wp:term":[{"taxonomy":"category","embeddable":true,"href":"http:\/\/artisticas.blogscolegioromareda.com\/index.php?rest_route=%2Fwp%2Fv2%2Fcategories&post=5002"},{"taxonomy":"post_tag","embeddable":true,"href":"http:\/\/artisticas.blogscolegioromareda.com\/index.php?rest_route=%2Fwp%2Fv2%2Ftags&post=5002"}],"curies":[{"name":"wp","href":"https:\/\/api.w.org\/{rel}","templated":true}]}}