{"id":4982,"date":"2018-09-25T12:33:23","date_gmt":"2018-09-25T10:33:23","guid":{"rendered":"http:\/\/s332084703.mialojamiento.es\/Blogs2018\/Artisticas\/wordpress\/?p=4982"},"modified":"2018-09-25T12:40:39","modified_gmt":"2018-09-25T10:40:39","slug":"pintando-la-primavera","status":"publish","type":"post","link":"http:\/\/artisticas.blogscolegioromareda.com\/?p=4982","title":{"rendered":"Pintando la Primavera"},"content":{"rendered":"<p>El Departamento de Ense\u00f1anzas Art\u00edsticas est\u00e1 de enhorabuena: hoy\u00a0<a href=\"https:\/\/www.elperiodicodearagon.com\/amp\/noticias\/elestudiante\/pintando-primavera_1311613.html\">El Peri\u00f3dico del Estudiante<\/a> se hace eco de nuestro proyecto interdepartamental sobre<em> pintar la m\u00fasica<\/em>, que venimos realizando -desde hace ya unos a\u00f1os- entre las asignaturas de M\u00fasica (\u00d3scar Laga) y Educaci\u00f3n Pl\u00e1stica, Visual y Audiovisual (Javier Joven). Se trata de proponer una pieza musical al alumnado, para que \u00e9ste la \u00abtraduzca\u00bb al lenguaje abstracto de la pintura, mientras la escucha en clase. Desde aqu\u00ed queremos felicitar tambi\u00e9n a 1\u00baESO por sus espectaculares creaciones: obras cargadas de pureza, ritmo\u00a0 y emoci\u00f3n.<\/p>\n<p><img loading=\"lazy\" class=\"alignnone size-large wp-image-4983\" src=\"http:\/\/s332084703.mialojamiento.es\/Blogs2018\/Artisticas\/wordpress\/wp-content\/uploads\/El_Peri\u00f3dico_Estudiante_25_09_18-1024x457.jpg\" alt=\"\" width=\"840\" height=\"375\" srcset=\"http:\/\/artisticas.blogscolegioromareda.com\/wp-content\/uploads\/El_Peri\u00f3dico_Estudiante_25_09_18-1024x457.jpg 1024w, http:\/\/artisticas.blogscolegioromareda.com\/wp-content\/uploads\/El_Peri\u00f3dico_Estudiante_25_09_18-300x134.jpg 300w, http:\/\/artisticas.blogscolegioromareda.com\/wp-content\/uploads\/El_Peri\u00f3dico_Estudiante_25_09_18-768x343.jpg 768w, http:\/\/artisticas.blogscolegioromareda.com\/wp-content\/uploads\/El_Peri\u00f3dico_Estudiante_25_09_18-1200x535.jpg 1200w, http:\/\/artisticas.blogscolegioromareda.com\/wp-content\/uploads\/El_Peri\u00f3dico_Estudiante_25_09_18.jpg 1280w\" sizes=\"(max-width: 709px) 85vw, (max-width: 909px) 67vw, (max-width: 1362px) 62vw, 840px\" \/><\/p>\n<p><!--more--><\/p>\n<p><img loading=\"lazy\" class=\"alignnone size-large wp-image-4711\" src=\"http:\/\/s332084703.mialojamiento.es\/Blogs2018\/Artisticas\/wordpress\/wp-content\/uploads\/photo5776243783896247965-1024x666.jpg\" alt=\"\" width=\"840\" height=\"546\" srcset=\"http:\/\/artisticas.blogscolegioromareda.com\/wp-content\/uploads\/photo5776243783896247965-1024x666.jpg 1024w, http:\/\/artisticas.blogscolegioromareda.com\/wp-content\/uploads\/photo5776243783896247965-300x195.jpg 300w, http:\/\/artisticas.blogscolegioromareda.com\/wp-content\/uploads\/photo5776243783896247965-768x499.jpg 768w, http:\/\/artisticas.blogscolegioromareda.com\/wp-content\/uploads\/photo5776243783896247965-1200x780.jpg 1200w, http:\/\/artisticas.blogscolegioromareda.com\/wp-content\/uploads\/photo5776243783896247965.jpg 1280w\" sizes=\"(max-width: 709px) 85vw, (max-width: 909px) 67vw, (max-width: 1362px) 62vw, 840px\" \/><\/p>\n","protected":false},"excerpt":{"rendered":"<p>El Departamento de Ense\u00f1anzas Art\u00edsticas est\u00e1 de enhorabuena: hoy\u00a0El Peri\u00f3dico del Estudiante se hace eco de nuestro proyecto interdepartamental sobre pintar la m\u00fasica, que venimos realizando -desde hace ya unos a\u00f1os- entre las asignaturas de M\u00fasica (\u00d3scar Laga) y Educaci\u00f3n Pl\u00e1stica, Visual y Audiovisual (Javier Joven). Se trata de proponer una pieza musical al alumnado, &hellip; <a href=\"http:\/\/artisticas.blogscolegioromareda.com\/?p=4982\" class=\"more-link\">Continuar leyendo<span class=\"screen-reader-text\"> \u00abPintando la Primavera\u00bb<\/span><\/a><\/p>\n","protected":false},"author":3,"featured_media":0,"comment_status":"closed","ping_status":"open","sticky":false,"template":"","format":"standard","meta":[],"categories":[11,62,38,35,45],"tags":[],"_links":{"self":[{"href":"http:\/\/artisticas.blogscolegioromareda.com\/index.php?rest_route=\/wp\/v2\/posts\/4982"}],"collection":[{"href":"http:\/\/artisticas.blogscolegioromareda.com\/index.php?rest_route=\/wp\/v2\/posts"}],"about":[{"href":"http:\/\/artisticas.blogscolegioromareda.com\/index.php?rest_route=\/wp\/v2\/types\/post"}],"author":[{"embeddable":true,"href":"http:\/\/artisticas.blogscolegioromareda.com\/index.php?rest_route=\/wp\/v2\/users\/3"}],"replies":[{"embeddable":true,"href":"http:\/\/artisticas.blogscolegioromareda.com\/index.php?rest_route=%2Fwp%2Fv2%2Fcomments&post=4982"}],"version-history":[{"count":5,"href":"http:\/\/artisticas.blogscolegioromareda.com\/index.php?rest_route=\/wp\/v2\/posts\/4982\/revisions"}],"predecessor-version":[{"id":4989,"href":"http:\/\/artisticas.blogscolegioromareda.com\/index.php?rest_route=\/wp\/v2\/posts\/4982\/revisions\/4989"}],"wp:attachment":[{"href":"http:\/\/artisticas.blogscolegioromareda.com\/index.php?rest_route=%2Fwp%2Fv2%2Fmedia&parent=4982"}],"wp:term":[{"taxonomy":"category","embeddable":true,"href":"http:\/\/artisticas.blogscolegioromareda.com\/index.php?rest_route=%2Fwp%2Fv2%2Fcategories&post=4982"},{"taxonomy":"post_tag","embeddable":true,"href":"http:\/\/artisticas.blogscolegioromareda.com\/index.php?rest_route=%2Fwp%2Fv2%2Ftags&post=4982"}],"curies":[{"name":"wp","href":"https:\/\/api.w.org\/{rel}","templated":true}]}}