{"id":2704,"date":"2014-03-23T20:02:23","date_gmt":"2014-03-23T20:02:23","guid":{"rendered":"http:\/\/s332084703.mialojamiento.es\/Blogs2018\/Artisticas\/wordpress\/?p=2704"},"modified":"2014-05-07T09:15:54","modified_gmt":"2014-05-07T09:15:54","slug":"maurice-y-sus-impresionantes-amigos-concierto-pedagogico-en-el-auditorio-con-1o-e-s-o","status":"publish","type":"post","link":"http:\/\/artisticas.blogscolegioromareda.com\/?p=2704","title":{"rendered":"\u00abMaurice y sus impresionantes amigos\u00bb: Concierto Pedag\u00f3gico en el Auditorio, con 1\u00ba E.S.O."},"content":{"rendered":"<div id='gallery-1' class='gallery galleryid-2704 gallery-columns-4 gallery-size-thumbnail'><figure class='gallery-item'>\n\t\t\t<div class='gallery-icon landscape'>\n\t\t\t\t<a href='http:\/\/artisticas.blogscolegioromareda.com\/?attachment_id=2705'><img width=\"150\" height=\"150\" src=\"http:\/\/artisticas.blogscolegioromareda.com\/wp-content\/uploads\/IMG_20140323_0244341-150x150.jpg\" class=\"attachment-thumbnail size-thumbnail\" alt=\"\" loading=\"lazy\" srcset=\"http:\/\/artisticas.blogscolegioromareda.com\/wp-content\/uploads\/IMG_20140323_0244341-150x150.jpg 150w, http:\/\/artisticas.blogscolegioromareda.com\/wp-content\/uploads\/IMG_20140323_0244341-300x300.jpg 300w, http:\/\/artisticas.blogscolegioromareda.com\/wp-content\/uploads\/IMG_20140323_0244341-1024x1024.jpg 1024w, http:\/\/artisticas.blogscolegioromareda.com\/wp-content\/uploads\/IMG_20140323_0244341.jpg 1620w\" sizes=\"(max-width: 150px) 85vw, 150px\" \/><\/a>\n\t\t\t<\/div><\/figure><figure class='gallery-item'>\n\t\t\t<div class='gallery-icon landscape'>\n\t\t\t\t<a href='http:\/\/artisticas.blogscolegioromareda.com\/?attachment_id=2706'><img width=\"150\" height=\"150\" src=\"http:\/\/artisticas.blogscolegioromareda.com\/wp-content\/uploads\/IMG_20140323_0246231-150x150.jpg\" class=\"attachment-thumbnail size-thumbnail\" alt=\"\" loading=\"lazy\" srcset=\"http:\/\/artisticas.blogscolegioromareda.com\/wp-content\/uploads\/IMG_20140323_0246231-150x150.jpg 150w, http:\/\/artisticas.blogscolegioromareda.com\/wp-content\/uploads\/IMG_20140323_0246231-300x300.jpg 300w, http:\/\/artisticas.blogscolegioromareda.com\/wp-content\/uploads\/IMG_20140323_0246231-1024x1024.jpg 1024w, http:\/\/artisticas.blogscolegioromareda.com\/wp-content\/uploads\/IMG_20140323_0246231.jpg 1944w\" sizes=\"(max-width: 150px) 85vw, 150px\" \/><\/a>\n\t\t\t<\/div><\/figure><figure class='gallery-item'>\n\t\t\t<div class='gallery-icon landscape'>\n\t\t\t\t<a href='http:\/\/artisticas.blogscolegioromareda.com\/?attachment_id=2707'><img width=\"150\" height=\"150\" src=\"http:\/\/artisticas.blogscolegioromareda.com\/wp-content\/uploads\/IMG_20140323_024831-150x150.jpg\" class=\"attachment-thumbnail size-thumbnail\" alt=\"\" loading=\"lazy\" srcset=\"http:\/\/artisticas.blogscolegioromareda.com\/wp-content\/uploads\/IMG_20140323_024831-150x150.jpg 150w, http:\/\/artisticas.blogscolegioromareda.com\/wp-content\/uploads\/IMG_20140323_024831-300x300.jpg 300w, http:\/\/artisticas.blogscolegioromareda.com\/wp-content\/uploads\/IMG_20140323_024831-1024x1024.jpg 1024w, http:\/\/artisticas.blogscolegioromareda.com\/wp-content\/uploads\/IMG_20140323_024831.jpg 1944w\" sizes=\"(max-width: 150px) 85vw, 150px\" \/><\/a>\n\t\t\t<\/div><\/figure><figure class='gallery-item'>\n\t\t\t<div class='gallery-icon landscape'>\n\t\t\t\t<a href='http:\/\/artisticas.blogscolegioromareda.com\/?attachment_id=2708'><img width=\"150\" height=\"150\" src=\"http:\/\/artisticas.blogscolegioromareda.com\/wp-content\/uploads\/IMG_20140323_025015-150x150.jpg\" class=\"attachment-thumbnail size-thumbnail\" alt=\"\" loading=\"lazy\" srcset=\"http:\/\/artisticas.blogscolegioromareda.com\/wp-content\/uploads\/IMG_20140323_025015-150x150.jpg 150w, http:\/\/artisticas.blogscolegioromareda.com\/wp-content\/uploads\/IMG_20140323_025015-300x300.jpg 300w, http:\/\/artisticas.blogscolegioromareda.com\/wp-content\/uploads\/IMG_20140323_025015-1024x1024.jpg 1024w, http:\/\/artisticas.blogscolegioromareda.com\/wp-content\/uploads\/IMG_20140323_025015.jpg 1944w\" sizes=\"(max-width: 150px) 85vw, 150px\" \/><\/a>\n\t\t\t<\/div><\/figure><figure class='gallery-item'>\n\t\t\t<div class='gallery-icon landscape'>\n\t\t\t\t<a href='http:\/\/artisticas.blogscolegioromareda.com\/?attachment_id=2709'><img width=\"150\" height=\"150\" src=\"http:\/\/artisticas.blogscolegioromareda.com\/wp-content\/uploads\/IMG_20140323_025157-150x150.jpg\" class=\"attachment-thumbnail size-thumbnail\" alt=\"\" loading=\"lazy\" srcset=\"http:\/\/artisticas.blogscolegioromareda.com\/wp-content\/uploads\/IMG_20140323_025157-150x150.jpg 150w, http:\/\/artisticas.blogscolegioromareda.com\/wp-content\/uploads\/IMG_20140323_025157-300x300.jpg 300w, http:\/\/artisticas.blogscolegioromareda.com\/wp-content\/uploads\/IMG_20140323_025157-1024x1024.jpg 1024w, http:\/\/artisticas.blogscolegioromareda.com\/wp-content\/uploads\/IMG_20140323_025157.jpg 1584w\" sizes=\"(max-width: 150px) 85vw, 150px\" \/><\/a>\n\t\t\t<\/div><\/figure><figure class='gallery-item'>\n\t\t\t<div class='gallery-icon landscape'>\n\t\t\t\t<a href='http:\/\/artisticas.blogscolegioromareda.com\/?attachment_id=2710'><img width=\"150\" height=\"150\" src=\"http:\/\/artisticas.blogscolegioromareda.com\/wp-content\/uploads\/IMG_20140323_025434-150x150.jpg\" class=\"attachment-thumbnail size-thumbnail\" alt=\"\" loading=\"lazy\" srcset=\"http:\/\/artisticas.blogscolegioromareda.com\/wp-content\/uploads\/IMG_20140323_025434-150x150.jpg 150w, http:\/\/artisticas.blogscolegioromareda.com\/wp-content\/uploads\/IMG_20140323_025434-300x300.jpg 300w, http:\/\/artisticas.blogscolegioromareda.com\/wp-content\/uploads\/IMG_20140323_025434-1024x1024.jpg 1024w, http:\/\/artisticas.blogscolegioromareda.com\/wp-content\/uploads\/IMG_20140323_025434.jpg 1944w\" sizes=\"(max-width: 150px) 85vw, 150px\" \/><\/a>\n\t\t\t<\/div><\/figure><figure class='gallery-item'>\n\t\t\t<div class='gallery-icon landscape'>\n\t\t\t\t<a href='http:\/\/artisticas.blogscolegioromareda.com\/?attachment_id=2711'><img width=\"150\" height=\"150\" src=\"http:\/\/artisticas.blogscolegioromareda.com\/wp-content\/uploads\/IMG_20140323_025609-150x150.jpg\" class=\"attachment-thumbnail size-thumbnail\" alt=\"\" loading=\"lazy\" srcset=\"http:\/\/artisticas.blogscolegioromareda.com\/wp-content\/uploads\/IMG_20140323_025609-150x150.jpg 150w, http:\/\/artisticas.blogscolegioromareda.com\/wp-content\/uploads\/IMG_20140323_025609-300x300.jpg 300w, http:\/\/artisticas.blogscolegioromareda.com\/wp-content\/uploads\/IMG_20140323_025609-1024x1024.jpg 1024w, http:\/\/artisticas.blogscolegioromareda.com\/wp-content\/uploads\/IMG_20140323_025609.jpg 1512w\" sizes=\"(max-width: 150px) 85vw, 150px\" \/><\/a>\n\t\t\t<\/div><\/figure><figure class='gallery-item'>\n\t\t\t<div class='gallery-icon landscape'>\n\t\t\t\t<a href='http:\/\/artisticas.blogscolegioromareda.com\/?attachment_id=2715'><img width=\"150\" height=\"150\" src=\"http:\/\/artisticas.blogscolegioromareda.com\/wp-content\/uploads\/IMG_20140323_025833-150x150.jpg\" class=\"attachment-thumbnail size-thumbnail\" alt=\"\" loading=\"lazy\" srcset=\"http:\/\/artisticas.blogscolegioromareda.com\/wp-content\/uploads\/IMG_20140323_025833-150x150.jpg 150w, http:\/\/artisticas.blogscolegioromareda.com\/wp-content\/uploads\/IMG_20140323_025833-300x300.jpg 300w, http:\/\/artisticas.blogscolegioromareda.com\/wp-content\/uploads\/IMG_20140323_025833-1024x1024.jpg 1024w, http:\/\/artisticas.blogscolegioromareda.com\/wp-content\/uploads\/IMG_20140323_025833.jpg 1912w\" sizes=\"(max-width: 150px) 85vw, 150px\" \/><\/a>\n\t\t\t<\/div><\/figure>\n\t\t<\/div>\n\n<p>El 21 de marzo salimos de nuestro colegio con destino al Auditorio de Zaragoza. La sala Mozart acogi\u00f3 una nueva edici\u00f3n de los Conciertos Pedag\u00f3gicos que cada a\u00f1o organiza el Servicio de Educaci\u00f3n del Ayuntamiento de Zaragoza de forma conjunta con el Auditorio. La Orquesta de C\u00e1mara del Auditorio de Zaragoza Grupo Enigma, bajo la direcci\u00f3n de Juan Jos\u00e9 Olives, fue la encargada de realizar un m\u00e1gico viaje\u00a0a trav\u00e9s de la m\u00fasica de Maurice Ravel, que acompa\u00f1ado por su colega Claude Debussy \u00a0y escritores y pintores de su \u00e9poca nos transportaron hacia los sonidos y melod\u00edas del Impresionismo. El programa contempl\u00f3 la interpretaci\u00f3n de obras de Ravel, Debussy, Delibes, Faur\u00e9 y Offenbach.<\/p>\n<p><!--more--><\/p>\n<blockquote><p><strong>Visita al Auditorio de Zaragoza<\/strong><\/p>\n<p>&nbsp;<\/p>\n<p>El viernes 21 de marzo, los alumnos de 1\u00ba ESO asistimos a la interpretaci\u00f3n de un \u00a0concierto pedag\u00f3gico con el t\u00edtulo: <strong><em>Maurice \u201cel\u00a0 m\u00fasico\u201d y sus impresionantes amigos<\/em><\/strong>, que tuvo lugar en el Auditorio de Zaragoza.<\/p>\n<p>La orquesta de c\u00e1mara del Auditorio, llamada \u201cGrupo Enigma\u201d interpret\u00f3 diferentes obras de Maurice Ravel, Claude Debussy y otros m\u00fasicos no tan conocidos para el gran p\u00fablico como G.Faur\u00e9 o L.Delibes.<\/p>\n<p>All\u00ed, un se\u00f1or llamado \u201cMaurice Ravel\u201d nos ense\u00f1\u00f3 de una manera muy entretenida algunas de sus obras, como por ejemplo su conocido <em>Bolero<\/em> y algunas caracter\u00edsticas sobre el Impresionismo musical.<\/p>\n<p>M\u00e1s adelante, apareci\u00f3 \u201cClaude Debussy\u201d, y ambos entablaron conversaci\u00f3n acerca de sus obras, mientras los m\u00fasicos las iban interpretando.<\/p>\n<p>Pudimos escuchar un total de 8 obras diferentes: <em>Bolero, Claro de luna, Introducci\u00f3n y Allegro, Danza Profana y sagrada, Pizzicato del Ballet Sylvia, Rapsodia para clarinete, Siliciana de P\u00e9lleas y M\u00e9lisande<\/em>, y por \u00faltimo <em>Galop de Orph\u00e9e aux Enfers.<\/em>Todas las obras fueron muy interesantes y aclamadas por el p\u00fablico, pero la que m\u00e1s gust\u00f3, fue probablemente la \u00faltima, <em>Galop de Orph\u00e9e aux Enfers<\/em> de J. Offenbach.<\/p>\n<p>Finalmente, cabe destacar que hubo algunas personas entre el p\u00fablico que pudieron participar en el concierto, bien tocando alg\u00fan instrumento, bien pintando la m\u00fasica que estaban escuchando. Una experiencia muy interesante, sin duda, que espero volvamos a repetir.<\/p>\n<p>Clase de m\u00fasica 1\u00ba de E.S.O<\/p>\n<p>Lourdes G\u00f3mez<\/p><\/blockquote>\n","protected":false},"excerpt":{"rendered":"<p>El 21 de marzo salimos de nuestro colegio con destino al Auditorio de Zaragoza. La sala Mozart acogi\u00f3 una nueva edici\u00f3n de los Conciertos Pedag\u00f3gicos que cada a\u00f1o organiza el Servicio de Educaci\u00f3n del Ayuntamiento de Zaragoza de forma conjunta con el Auditorio. La Orquesta de C\u00e1mara del Auditorio de Zaragoza Grupo Enigma, bajo la &hellip; <a href=\"http:\/\/artisticas.blogscolegioromareda.com\/?p=2704\" class=\"more-link\">Continuar leyendo<span class=\"screen-reader-text\"> \u00ab\u00abMaurice y sus impresionantes amigos\u00bb: Concierto Pedag\u00f3gico en el Auditorio, con 1\u00ba E.S.O.\u00bb<\/span><\/a><\/p>\n","protected":false},"author":3,"featured_media":0,"comment_status":"closed","ping_status":"open","sticky":false,"template":"","format":"standard","meta":[],"categories":[11,28,46,43,35],"tags":[],"_links":{"self":[{"href":"http:\/\/artisticas.blogscolegioromareda.com\/index.php?rest_route=\/wp\/v2\/posts\/2704"}],"collection":[{"href":"http:\/\/artisticas.blogscolegioromareda.com\/index.php?rest_route=\/wp\/v2\/posts"}],"about":[{"href":"http:\/\/artisticas.blogscolegioromareda.com\/index.php?rest_route=\/wp\/v2\/types\/post"}],"author":[{"embeddable":true,"href":"http:\/\/artisticas.blogscolegioromareda.com\/index.php?rest_route=\/wp\/v2\/users\/3"}],"replies":[{"embeddable":true,"href":"http:\/\/artisticas.blogscolegioromareda.com\/index.php?rest_route=%2Fwp%2Fv2%2Fcomments&post=2704"}],"version-history":[{"count":8,"href":"http:\/\/artisticas.blogscolegioromareda.com\/index.php?rest_route=\/wp\/v2\/posts\/2704\/revisions"}],"predecessor-version":[{"id":2816,"href":"http:\/\/artisticas.blogscolegioromareda.com\/index.php?rest_route=\/wp\/v2\/posts\/2704\/revisions\/2816"}],"wp:attachment":[{"href":"http:\/\/artisticas.blogscolegioromareda.com\/index.php?rest_route=%2Fwp%2Fv2%2Fmedia&parent=2704"}],"wp:term":[{"taxonomy":"category","embeddable":true,"href":"http:\/\/artisticas.blogscolegioromareda.com\/index.php?rest_route=%2Fwp%2Fv2%2Fcategories&post=2704"},{"taxonomy":"post_tag","embeddable":true,"href":"http:\/\/artisticas.blogscolegioromareda.com\/index.php?rest_route=%2Fwp%2Fv2%2Ftags&post=2704"}],"curies":[{"name":"wp","href":"https:\/\/api.w.org\/{rel}","templated":true}]}}